{"id":6915,"date":"2024-05-08T01:00:19","date_gmt":"2024-05-07T23:00:19","guid":{"rendered":"https:\/\/jobswop.io\/blog\/?p=6915"},"modified":"2024-05-03T13:47:11","modified_gmt":"2024-05-03T11:47:11","slug":"generation-z-faul-oder-doch-schlauer-als-man-denkt","status":"publish","type":"post","link":"https:\/\/jobswop.io\/blog\/wandel-des-arbeitsmarktes\/generation-z-faul-oder-doch-schlauer-als-man-denkt\/","title":{"rendered":"Generation Z &#8211; Faul, oder doch schlauer, als man denkt?"},"content":{"rendered":"<p>Schon geh\u00f6rt? Generation Z h\u00e4lt nicht viel von Arbeitsmoral. Babyboomer blicken ver\u00e4rgert auf nachfolgende Generationen, wie Gen Z oder Y. Warum? Diesen wird schwindende Arbeitsmoral vorgeworfen. Sie seien faul und verw\u00f6hnt und wissen nicht, wie es w\u00e4re, in Zeiten aufzuwachsen, in denen es nicht vergleichbar viele Annehmlichkeiten wie heute g\u00e4be. Doch ist das wirklich die Schuld von Gen Z oder unterliegen diese Vorw\u00fcrfe einem ganz normalen Generationswandel?<\/p>\n<h2>Warum ist Generation Z anders?<\/h2>\n<p>Zwischen den Babyboomern und den Digital Natives gibt es einen nicht aussterben wollenden Generationskonflikt. Generation Z wird vorgeworfen, nicht arbeiten zu wollen und daher ein schlechtes Wertesystem zu besitzen: \u201eWenn die Jungen sich nicht aufopfern, steuern die nichts zum gro\u00dfen Ganzen bei\u201c \u2013 klingt ziemlich hart, oder?<\/p>\n<p>Vor allem, weil Generationsunterschiede auf sehr nat\u00fcrliche Weise entstehen und der <a href=\"https:\/\/jobswop.io\/blog\/wandel-des-arbeitsmarktes\/gesellschaftlicher-bedeutungswandel-der-arbeit\/\">gesellschaftliche Bedeutungswandel der Arbeit\u00a0<\/a> fortschreitet. Generationen werden durch aktuell vorherrschende Annehmlichkeiten und Schwierigkeiten gepr\u00e4gt. Was fr\u00fcher ein Problem war, ist heute eine Leichtigkeit und umgekehrt. Au\u00dferdem hat Generation Z heute viel l\u00e4nger \u201edie M\u00f6glichkeit, jung zu sein\u201c. Die Lebenserwartung steigt, Studienzeit kommt hinzu, man reist und lernt sich selbst besser kennen \u2013 das bedeutet, dass manche Werte zu einem sp\u00e4teren Zeitpunkt erst an Bedeutung gewinnen. Das war in \u00e4lteren Generationen genauso, blo\u00df haben sich bestimmte Werte, die sie gern an Gen Z kritisieren, bei ihnen schon viel fr\u00fcher entwickelt.<\/p>\n<h2>Wertewandel Gen Z<\/h2>\n<p>Nichtsdestotrotz kann man trotzdem einen Wertewandel bei den Digital Natives erkennen. Sie legen mehr Wert auf Selbstentwicklung, Freizeit, Ruhe, Reflexion und <a href=\"https:\/\/jobswop.io\/blog\/impulse-fuer-deine-arbeit\/die-bedeutung-von-achtsamkeit-im-wandel-der-arbeitswelt\/\">Achtsamkeit<\/a>. Haben die Babyboomer Leistung und Job noch an erster Stelle gestellt, ist das bei den jungen Generationen nicht mehr so. Das hat aber nichts mit schwindender Arbeitsmoral zu tun. Findet Gen Z eine Sinnhaftigkeit in ihrem Tun, sind sie auch bereit, daf\u00fcr loszugehen und Visionen zu verwirklichen. Sie tun dies nur nicht um jeden Preis und nicht blo\u00df, um Erfolg zu haben. Gerade weil ihnen das Erklimmen der Karriereleiter nicht so wichtig ist, sind sie meist nicht lange an ein Unternehmen gebunden. Sie wechseln gern den Arbeitgeber und werden daher als illoyal bezeichnet. Das dies, aber sogar Vorteile haben kann, haben wir bereits im <a href=\"https:\/\/jobswop.io\/blog\/wandel-des-arbeitsmarktes\/arbeitsmoral-wohin-entwickelt-sich-unsere-gesellschaft\/\">Blogbeitrag zu Arbeitsmoral<\/a> besprochen.<\/p>\n<p><img fetchpriority=\"high\" decoding=\"async\" class=\"aligncenter wp-image-6918 size-full\" src=\"https:\/\/jobswop.io\/blog\/wp-content\/uploads\/2024\/05\/Blogbeitraege_Generation_Z_V1_B.jpg\" alt=\"Generation Z\" width=\"1080\" height=\"780\" srcset=\"https:\/\/jobswop.io\/blog\/wp-content\/uploads\/2024\/05\/Blogbeitraege_Generation_Z_V1_B.jpg 1080w, https:\/\/jobswop.io\/blog\/wp-content\/uploads\/2024\/05\/Blogbeitraege_Generation_Z_V1_B-300x217.jpg 300w, https:\/\/jobswop.io\/blog\/wp-content\/uploads\/2024\/05\/Blogbeitraege_Generation_Z_V1_B-1024x740.jpg 1024w, https:\/\/jobswop.io\/blog\/wp-content\/uploads\/2024\/05\/Blogbeitraege_Generation_Z_V1_B-768x555.jpg 768w\" sizes=\"(max-width: 1080px) 100vw, 1080px\" \/><\/p>\n<h3>Generation Z will Benefits im Job<\/h3>\n<p>Was man den Digital Natives auf keinen Fall nachsagen kann: Sie seien naiv. Sie fordern gewisse Annehmlichkeiten von ihren Arbeitgebern und entscheiden sich gern gegen ein Stellenangebot, wenn die Job-Benefits nicht passen. Die Babyboomer finden das hochn\u00e4sig \u2013 also doch faul und verw\u00f6hnt?\u00a0 Oder fordert Generation Z einfach das, was \u00e4ltere Generationen h\u00e4tten fordern sollen? W\u00e4ren weniger \u00e4ltere Personen im Burnout gelandet und heute m\u00fcde vom Leben? Gen Z l\u00e4sst sich nicht ausnutzen und legt Wert auf:<\/p>\n<ul>\n<li>Flexibilit\u00e4t,<\/li>\n<li>Sinnhaftigkeit und<\/li>\n<li>Zusammenarbeit auf Augenh\u00f6he.<\/li>\n<\/ul>\n<p>Dann arbeiten sie gern auch abends oder am Wochenende. Die Generation Z fordert also nicht nur, ohne zur\u00fcckzugeben, sie wollen jedoch einen Ausgleich f\u00fcr ihr Engagement erleben. Wenn das nicht passiert, sind sie auch ganz schnell wieder weg.<\/p>\n<h2>\u00c4ngste und Annehmlichkeiten in jeder Generation<\/h2>\n<p>Generation Z ist mit vielen Annehmlichkeiten aufgewachsen, durfte schon fr\u00fch mit Technologie in Ber\u00fchrung kommen und hatte es in einigen Bereichen leichter als vorangehende Generationen. Doch auch Gen Z hat mit Schattenseiten zu k\u00e4mpfen, die f\u00fcr Babyboomer nicht immer ersichtlich sind. Sie stehen unter einem enormen Leistungs- und Erwartungsdruck. Dieser kommt einerseits von au\u00dfen, wie der Gesellschaft, gleichzeitig machen sie sich diesen selbst, denn in einer Welt, in der man alles erreichen kann, ist man ein noch gr\u00f6\u00dferer Verlierer, wenn man \u201enichts\u201c erreicht. Der st\u00e4ndige Vergleich im Internet und die wunderbaren Bilder, die auf Social Media pr\u00e4sentiert werden, intensivieren diesen Druck. Selbstzweifel, \u00c4ngste und Depressionen steigen an. Gleichzeitig wissen Digital Natives nicht, wohin sich der Planet entwickelt. Werden wir hier in einigen Jahrzehnten noch sorgenfrei leben k\u00f6nnen und welche Jobs werden noch relevant sein? Manches erscheint heute vielleicht leichter, dass aber alles besser ist, ist eine waghalsige Annahme.<\/p>\n<p><img decoding=\"async\" class=\"aligncenter wp-image-6917 size-full\" src=\"https:\/\/jobswop.io\/blog\/wp-content\/uploads\/2024\/05\/Blogbeitraege_Generation_Z_V2_B.jpg\" alt=\"Generation Z\" width=\"1080\" height=\"780\" srcset=\"https:\/\/jobswop.io\/blog\/wp-content\/uploads\/2024\/05\/Blogbeitraege_Generation_Z_V2_B.jpg 1080w, https:\/\/jobswop.io\/blog\/wp-content\/uploads\/2024\/05\/Blogbeitraege_Generation_Z_V2_B-300x217.jpg 300w, https:\/\/jobswop.io\/blog\/wp-content\/uploads\/2024\/05\/Blogbeitraege_Generation_Z_V2_B-1024x740.jpg 1024w, https:\/\/jobswop.io\/blog\/wp-content\/uploads\/2024\/05\/Blogbeitraege_Generation_Z_V2_B-768x555.jpg 768w\" sizes=\"(max-width: 1080px) 100vw, 1080px\" \/><\/p>\n<h2>Digital Natives \u2013 faul und verw\u00f6hnt oder doch sozial und umweltbewusst?<\/h2>\n<p>Gen Z wird auch nachgesagt, dass sie nur an sich denken w\u00fcrden. Betrachtet man allerdings das soziale Engagement und Umweltbewusstsein der jungen Generation, sind diese Egoismus-Tendenzen fragw\u00fcrdig. Generation Z engagiert sich n\u00e4mlich sehr wohl f\u00fcr die Gesellschaft. Vor allem, weil junge Menschen mit gro\u00dfen Zukunftszweifeln zu k\u00e4mpfen haben. Sie haben viele Br\u00e4nde gleichzeitig zu l\u00f6schen und sind dabei noch sensibler und empathischer als \u00e4ltere Generationen, was den Druck auf Generation Z nicht unbedingt schm\u00e4lert. Sie wissen, von ihnen wird etwas anderes erwartet und gleichzeitig sp\u00fcren sie, es ist Zeit, ihren eigenen Weg zu gehen.<\/p>\n<p>Man kann Generation Z also nicht \u00fcber einen Kamm scheren. Generell zeichnet sich ab, dass Generationsunterschiede immer st\u00e4rker verschwimmen. In unserer Welt gibt es so viele M\u00f6glichkeiten und \u00e4ltere Generationen beginnen, neue Perspektiven f\u00fcr sich zu nutzen. Digitale Nomaden, Entrepreneure und h\u00f6here Anspr\u00fcche gibt es \u00fcber alle Altersgruppen hinweg. Gleichzeitig sinkt die Arbeitsmotivation im Allgemeinen, weil Werte wie Freizeit, Ruhe und Selbstentfaltung an Bedeutung gewinnen. Die Zeit hat sich ver\u00e4ndert und sie hat neue Vorteile sowie Herausforderungen mit sich gebracht. Das zeigt sich aber nicht nur bei Generation Z, sondern auch bei all den anderen Generationen. Nicht die Generationen ver\u00e4ndern sich, die Welt ver\u00e4ndert sich.<\/p>\n","protected":false},"excerpt":{"rendered":"<p>Schon geh\u00f6rt? Generation Z h\u00e4lt nicht viel von Arbeitsmoral. Babyboomer blicken ver\u00e4rgert auf nachfolgende Generationen, wie Gen Z oder Y. Warum? Diesen wird schwindende Arbeitsmoral vorgeworfen. Sie seien faul und verw\u00f6hnt und wissen nicht, wie es w\u00e4re, in Zeiten aufzuwachsen, in denen es nicht vergleichbar viele Annehmlichkeiten wie heute g\u00e4be. Doch ist das wirklich die &hellip;<\/p>\n<p class=\"read-more\"> <a class=\"\" href=\"https:\/\/jobswop.io\/blog\/wandel-des-arbeitsmarktes\/generation-z-faul-oder-doch-schlauer-als-man-denkt\/\"> <span class=\"screen-reader-text\">Generation Z &#8211; Faul, oder doch schlauer, als man denkt?<\/span> Weiterlesen &raquo;<\/a><\/p>\n","protected":false},"author":2,"featured_media":6916,"comment_status":"open","ping_status":"open","sticky":false,"template":"","format":"standard","meta":{"site-sidebar-layout":"default","site-content-layout":"","ast-site-content-layout":"default","site-content-style":"default","site-sidebar-style":"default","ast-global-header-display":"","ast-banner-title-visibility":"","ast-main-header-display":"","ast-hfb-above-header-display":"","ast-hfb-below-header-display":"","ast-hfb-mobile-header-display":"","site-post-title":"","ast-breadcrumbs-content":"","ast-featured-img":"","footer-sml-layout":"","theme-transparent-header-meta":"default","adv-header-id-meta":"","stick-header-meta":"","header-above-stick-meta":"","header-main-stick-meta":"","header-below-stick-meta":"","astra-migrate-meta-layouts":"set","footnotes":""},"categories":[162],"tags":[224],"yoast_head":"<!-- This site is optimized with the Yoast SEO plugin v21.9.1 - https:\/\/yoast.com\/wordpress\/plugins\/seo\/ -->\n<title>Generation Z - Faul, oder doch schlauer, als man denkt?<\/title>\n<meta name=\"description\" content=\"Schon geh\u00f6rt? Generation Z h\u00e4lt nicht viel von Arbeitsmoral. Babyboomer blicken ver\u00e4rgert auf nachfolgende Generationen.\" \/>\n<meta name=\"robots\" content=\"index, follow, max-snippet:-1, max-image-preview:large, max-video-preview:-1\" \/>\n<link rel=\"canonical\" href=\"https:\/\/jobswop.io\/blog\/wandel-des-arbeitsmarktes\/generation-z-faul-oder-doch-schlauer-als-man-denkt\/\" \/>\n<meta property=\"og:locale\" content=\"de_DE\" \/>\n<meta property=\"og:type\" content=\"article\" \/>\n<meta property=\"og:title\" content=\"Generation Z - Faul, oder doch schlauer, als man denkt?\" \/>\n<meta property=\"og:description\" content=\"Schon geh\u00f6rt? Generation Z h\u00e4lt nicht viel von Arbeitsmoral. Babyboomer blicken ver\u00e4rgert auf nachfolgende Generationen.\" \/>\n<meta property=\"og:url\" content=\"https:\/\/jobswop.io\/blog\/wandel-des-arbeitsmarktes\/generation-z-faul-oder-doch-schlauer-als-man-denkt\/\" \/>\n<meta property=\"og:site_name\" content=\"JobSwop.io\" \/>\n<meta property=\"article:publisher\" content=\"https:\/\/www.facebook.com\/JobSwop.io\" \/>\n<meta property=\"article:published_time\" content=\"2024-05-07T23:00:19+00:00\" \/>\n<meta property=\"article:modified_time\" content=\"2024-05-03T11:47:11+00:00\" \/>\n<meta property=\"og:image\" content=\"https:\/\/jobswop.io\/blog\/wp-content\/uploads\/2024\/05\/Blogbeitraege_Generation_Z_V3_B.jpg\" \/>\n\t<meta property=\"og:image:width\" content=\"1080\" \/>\n\t<meta property=\"og:image:height\" content=\"780\" \/>\n\t<meta property=\"og:image:type\" content=\"image\/jpeg\" \/>\n<meta name=\"author\" content=\"Felix Nawroth\" \/>\n<meta name=\"twitter:card\" content=\"summary_large_image\" \/>\n<script type=\"application\/ld+json\" class=\"yoast-schema-graph\">{\"@context\":\"https:\/\/schema.org\",\"@graph\":[{\"@type\":\"Article\",\"@id\":\"https:\/\/jobswop.io\/blog\/wandel-des-arbeitsmarktes\/generation-z-faul-oder-doch-schlauer-als-man-denkt\/#article\",\"isPartOf\":{\"@id\":\"https:\/\/jobswop.io\/blog\/wandel-des-arbeitsmarktes\/generation-z-faul-oder-doch-schlauer-als-man-denkt\/\"},\"author\":{\"name\":\"Felix Nawroth\",\"@id\":\"https:\/\/jobswop.io\/blog\/#\/schema\/person\/709e6fee0d17dce1f8b9e8605d52c0ba\"},\"headline\":\"Generation Z &#8211; Faul, oder doch schlauer, als man denkt?\",\"datePublished\":\"2024-05-07T23:00:19+00:00\",\"dateModified\":\"2024-05-03T11:47:11+00:00\",\"mainEntityOfPage\":{\"@id\":\"https:\/\/jobswop.io\/blog\/wandel-des-arbeitsmarktes\/generation-z-faul-oder-doch-schlauer-als-man-denkt\/\"},\"wordCount\":904,\"commentCount\":0,\"publisher\":{\"@id\":\"https:\/\/jobswop.io\/blog\/#organization\"},\"keywords\":[\"Generation Z\"],\"articleSection\":[\"Wandel des Arbeitsmarktes\"],\"inLanguage\":\"de\",\"potentialAction\":[{\"@type\":\"CommentAction\",\"name\":\"Comment\",\"target\":[\"https:\/\/jobswop.io\/blog\/wandel-des-arbeitsmarktes\/generation-z-faul-oder-doch-schlauer-als-man-denkt\/#respond\"]}]},{\"@type\":\"WebPage\",\"@id\":\"https:\/\/jobswop.io\/blog\/wandel-des-arbeitsmarktes\/generation-z-faul-oder-doch-schlauer-als-man-denkt\/\",\"url\":\"https:\/\/jobswop.io\/blog\/wandel-des-arbeitsmarktes\/generation-z-faul-oder-doch-schlauer-als-man-denkt\/\",\"name\":\"Generation Z - Faul, oder doch schlauer, als man denkt?\",\"isPartOf\":{\"@id\":\"https:\/\/jobswop.io\/blog\/#website\"},\"datePublished\":\"2024-05-07T23:00:19+00:00\",\"dateModified\":\"2024-05-03T11:47:11+00:00\",\"description\":\"Schon geh\u00f6rt? Generation Z h\u00e4lt nicht viel von Arbeitsmoral. Babyboomer blicken ver\u00e4rgert auf nachfolgende Generationen.\",\"breadcrumb\":{\"@id\":\"https:\/\/jobswop.io\/blog\/wandel-des-arbeitsmarktes\/generation-z-faul-oder-doch-schlauer-als-man-denkt\/#breadcrumb\"},\"inLanguage\":\"de\",\"potentialAction\":[{\"@type\":\"ReadAction\",\"target\":[\"https:\/\/jobswop.io\/blog\/wandel-des-arbeitsmarktes\/generation-z-faul-oder-doch-schlauer-als-man-denkt\/\"]}]},{\"@type\":\"BreadcrumbList\",\"@id\":\"https:\/\/jobswop.io\/blog\/wandel-des-arbeitsmarktes\/generation-z-faul-oder-doch-schlauer-als-man-denkt\/#breadcrumb\",\"itemListElement\":[{\"@type\":\"ListItem\",\"position\":1,\"name\":\"Startseite\",\"item\":\"https:\/\/jobswop.io\/blog\/\"},{\"@type\":\"ListItem\",\"position\":2,\"name\":\"Generation Z &#8211; Faul, oder doch schlauer, als man denkt?\"}]},{\"@type\":\"WebSite\",\"@id\":\"https:\/\/jobswop.io\/blog\/#website\",\"url\":\"https:\/\/jobswop.io\/blog\/\",\"name\":\"JobSwop.io\",\"description\":\"Entdecke unsichtbare Jobs\",\"publisher\":{\"@id\":\"https:\/\/jobswop.io\/blog\/#organization\"},\"potentialAction\":[{\"@type\":\"SearchAction\",\"target\":{\"@type\":\"EntryPoint\",\"urlTemplate\":\"https:\/\/jobswop.io\/blog\/?s={search_term_string}\"},\"query-input\":\"required name=search_term_string\"}],\"inLanguage\":\"de\"},{\"@type\":\"Organization\",\"@id\":\"https:\/\/jobswop.io\/blog\/#organization\",\"name\":\"JobSwop.io\",\"url\":\"https:\/\/jobswop.io\/blog\/\",\"logo\":{\"@type\":\"ImageObject\",\"inLanguage\":\"de\",\"@id\":\"https:\/\/jobswop.io\/blog\/#\/schema\/logo\/image\/\",\"url\":\"https:\/\/jobswop.io\/blog\/wp-content\/uploads\/2024\/08\/LOGO-1B-WITHOUT-SLOGAN-1.png\",\"contentUrl\":\"https:\/\/jobswop.io\/blog\/wp-content\/uploads\/2024\/08\/LOGO-1B-WITHOUT-SLOGAN-1.png\",\"width\":2560,\"height\":495,\"caption\":\"JobSwop.io\"},\"image\":{\"@id\":\"https:\/\/jobswop.io\/blog\/#\/schema\/logo\/image\/\"},\"sameAs\":[\"https:\/\/www.facebook.com\/JobSwop.io\",\"https:\/\/www.instagram.com\/jobswop.io\/\"]},{\"@type\":\"Person\",\"@id\":\"https:\/\/jobswop.io\/blog\/#\/schema\/person\/709e6fee0d17dce1f8b9e8605d52c0ba\",\"name\":\"Felix Nawroth\",\"image\":{\"@type\":\"ImageObject\",\"inLanguage\":\"de\",\"@id\":\"https:\/\/jobswop.io\/blog\/#\/schema\/person\/image\/\",\"url\":\"https:\/\/secure.gravatar.com\/avatar\/3183188b546deb464d87285336ed12b3?s=96&d=mm&r=g\",\"contentUrl\":\"https:\/\/secure.gravatar.com\/avatar\/3183188b546deb464d87285336ed12b3?s=96&d=mm&r=g\",\"caption\":\"Felix Nawroth\"},\"description\":\"Felix ist CEO &amp; Mitgr\u00fcnder von JobSwop.io\",\"sameAs\":[\"https:\/\/www.jobswop.io\"],\"url\":\"https:\/\/jobswop.io\/blog\/author\/felix\/\"}]}<\/script>\n<!-- \/ Yoast SEO plugin. -->","yoast_head_json":{"title":"Generation Z - Faul, oder doch schlauer, als man denkt?","description":"Schon geh\u00f6rt? Generation Z h\u00e4lt nicht viel von Arbeitsmoral. Babyboomer blicken ver\u00e4rgert auf nachfolgende Generationen.","robots":{"index":"index","follow":"follow","max-snippet":"max-snippet:-1","max-image-preview":"max-image-preview:large","max-video-preview":"max-video-preview:-1"},"canonical":"https:\/\/jobswop.io\/blog\/wandel-des-arbeitsmarktes\/generation-z-faul-oder-doch-schlauer-als-man-denkt\/","og_locale":"de_DE","og_type":"article","og_title":"Generation Z - Faul, oder doch schlauer, als man denkt?","og_description":"Schon geh\u00f6rt? Generation Z h\u00e4lt nicht viel von Arbeitsmoral. Babyboomer blicken ver\u00e4rgert auf nachfolgende Generationen.","og_url":"https:\/\/jobswop.io\/blog\/wandel-des-arbeitsmarktes\/generation-z-faul-oder-doch-schlauer-als-man-denkt\/","og_site_name":"JobSwop.io","article_publisher":"https:\/\/www.facebook.com\/JobSwop.io","article_published_time":"2024-05-07T23:00:19+00:00","article_modified_time":"2024-05-03T11:47:11+00:00","og_image":[{"width":1080,"height":780,"url":"https:\/\/jobswop.io\/blog\/wp-content\/uploads\/2024\/05\/Blogbeitraege_Generation_Z_V3_B.jpg","type":"image\/jpeg"}],"author":"Felix Nawroth","twitter_card":"summary_large_image","schema":{"@context":"https:\/\/schema.org","@graph":[{"@type":"Article","@id":"https:\/\/jobswop.io\/blog\/wandel-des-arbeitsmarktes\/generation-z-faul-oder-doch-schlauer-als-man-denkt\/#article","isPartOf":{"@id":"https:\/\/jobswop.io\/blog\/wandel-des-arbeitsmarktes\/generation-z-faul-oder-doch-schlauer-als-man-denkt\/"},"author":{"name":"Felix Nawroth","@id":"https:\/\/jobswop.io\/blog\/#\/schema\/person\/709e6fee0d17dce1f8b9e8605d52c0ba"},"headline":"Generation Z &#8211; Faul, oder doch schlauer, als man denkt?","datePublished":"2024-05-07T23:00:19+00:00","dateModified":"2024-05-03T11:47:11+00:00","mainEntityOfPage":{"@id":"https:\/\/jobswop.io\/blog\/wandel-des-arbeitsmarktes\/generation-z-faul-oder-doch-schlauer-als-man-denkt\/"},"wordCount":904,"commentCount":0,"publisher":{"@id":"https:\/\/jobswop.io\/blog\/#organization"},"keywords":["Generation Z"],"articleSection":["Wandel des Arbeitsmarktes"],"inLanguage":"de","potentialAction":[{"@type":"CommentAction","name":"Comment","target":["https:\/\/jobswop.io\/blog\/wandel-des-arbeitsmarktes\/generation-z-faul-oder-doch-schlauer-als-man-denkt\/#respond"]}]},{"@type":"WebPage","@id":"https:\/\/jobswop.io\/blog\/wandel-des-arbeitsmarktes\/generation-z-faul-oder-doch-schlauer-als-man-denkt\/","url":"https:\/\/jobswop.io\/blog\/wandel-des-arbeitsmarktes\/generation-z-faul-oder-doch-schlauer-als-man-denkt\/","name":"Generation Z - Faul, oder doch schlauer, als man denkt?","isPartOf":{"@id":"https:\/\/jobswop.io\/blog\/#website"},"datePublished":"2024-05-07T23:00:19+00:00","dateModified":"2024-05-03T11:47:11+00:00","description":"Schon geh\u00f6rt? Generation Z h\u00e4lt nicht viel von Arbeitsmoral. Babyboomer blicken ver\u00e4rgert auf nachfolgende Generationen.","breadcrumb":{"@id":"https:\/\/jobswop.io\/blog\/wandel-des-arbeitsmarktes\/generation-z-faul-oder-doch-schlauer-als-man-denkt\/#breadcrumb"},"inLanguage":"de","potentialAction":[{"@type":"ReadAction","target":["https:\/\/jobswop.io\/blog\/wandel-des-arbeitsmarktes\/generation-z-faul-oder-doch-schlauer-als-man-denkt\/"]}]},{"@type":"BreadcrumbList","@id":"https:\/\/jobswop.io\/blog\/wandel-des-arbeitsmarktes\/generation-z-faul-oder-doch-schlauer-als-man-denkt\/#breadcrumb","itemListElement":[{"@type":"ListItem","position":1,"name":"Startseite","item":"https:\/\/jobswop.io\/blog\/"},{"@type":"ListItem","position":2,"name":"Generation Z &#8211; Faul, oder doch schlauer, als man denkt?"}]},{"@type":"WebSite","@id":"https:\/\/jobswop.io\/blog\/#website","url":"https:\/\/jobswop.io\/blog\/","name":"JobSwop.io","description":"Entdecke unsichtbare Jobs","publisher":{"@id":"https:\/\/jobswop.io\/blog\/#organization"},"potentialAction":[{"@type":"SearchAction","target":{"@type":"EntryPoint","urlTemplate":"https:\/\/jobswop.io\/blog\/?s={search_term_string}"},"query-input":"required name=search_term_string"}],"inLanguage":"de"},{"@type":"Organization","@id":"https:\/\/jobswop.io\/blog\/#organization","name":"JobSwop.io","url":"https:\/\/jobswop.io\/blog\/","logo":{"@type":"ImageObject","inLanguage":"de","@id":"https:\/\/jobswop.io\/blog\/#\/schema\/logo\/image\/","url":"https:\/\/jobswop.io\/blog\/wp-content\/uploads\/2024\/08\/LOGO-1B-WITHOUT-SLOGAN-1.png","contentUrl":"https:\/\/jobswop.io\/blog\/wp-content\/uploads\/2024\/08\/LOGO-1B-WITHOUT-SLOGAN-1.png","width":2560,"height":495,"caption":"JobSwop.io"},"image":{"@id":"https:\/\/jobswop.io\/blog\/#\/schema\/logo\/image\/"},"sameAs":["https:\/\/www.facebook.com\/JobSwop.io","https:\/\/www.instagram.com\/jobswop.io\/"]},{"@type":"Person","@id":"https:\/\/jobswop.io\/blog\/#\/schema\/person\/709e6fee0d17dce1f8b9e8605d52c0ba","name":"Felix Nawroth","image":{"@type":"ImageObject","inLanguage":"de","@id":"https:\/\/jobswop.io\/blog\/#\/schema\/person\/image\/","url":"https:\/\/secure.gravatar.com\/avatar\/3183188b546deb464d87285336ed12b3?s=96&d=mm&r=g","contentUrl":"https:\/\/secure.gravatar.com\/avatar\/3183188b546deb464d87285336ed12b3?s=96&d=mm&r=g","caption":"Felix Nawroth"},"description":"Felix ist CEO &amp; Mitgr\u00fcnder von JobSwop.io","sameAs":["https:\/\/www.jobswop.io"],"url":"https:\/\/jobswop.io\/blog\/author\/felix\/"}]}},"_links":{"self":[{"href":"https:\/\/jobswop.io\/blog\/wp-json\/wp\/v2\/posts\/6915"}],"collection":[{"href":"https:\/\/jobswop.io\/blog\/wp-json\/wp\/v2\/posts"}],"about":[{"href":"https:\/\/jobswop.io\/blog\/wp-json\/wp\/v2\/types\/post"}],"author":[{"embeddable":true,"href":"https:\/\/jobswop.io\/blog\/wp-json\/wp\/v2\/users\/2"}],"replies":[{"embeddable":true,"href":"https:\/\/jobswop.io\/blog\/wp-json\/wp\/v2\/comments?post=6915"}],"version-history":[{"count":3,"href":"https:\/\/jobswop.io\/blog\/wp-json\/wp\/v2\/posts\/6915\/revisions"}],"predecessor-version":[{"id":6921,"href":"https:\/\/jobswop.io\/blog\/wp-json\/wp\/v2\/posts\/6915\/revisions\/6921"}],"wp:featuredmedia":[{"embeddable":true,"href":"https:\/\/jobswop.io\/blog\/wp-json\/wp\/v2\/media\/6916"}],"wp:attachment":[{"href":"https:\/\/jobswop.io\/blog\/wp-json\/wp\/v2\/media?parent=6915"}],"wp:term":[{"taxonomy":"category","embeddable":true,"href":"https:\/\/jobswop.io\/blog\/wp-json\/wp\/v2\/categories?post=6915"},{"taxonomy":"post_tag","embeddable":true,"href":"https:\/\/jobswop.io\/blog\/wp-json\/wp\/v2\/tags?post=6915"}],"curies":[{"name":"wp","href":"https:\/\/api.w.org\/{rel}","templated":true}]}}